{"id":157,"date":"2014-12-18T13:03:23","date_gmt":"2014-12-18T12:03:23","guid":{"rendered":"http:\/\/www.trencaclosques.es\/?p=157"},"modified":"2014-12-18T13:03:58","modified_gmt":"2014-12-18T12:03:58","slug":"ja-a-la-venda-les-entrades-del-concert-especial-de-nadal-de-trencaclosques-al-teatre-catalina-valls","status":"publish","type":"post","link":"https:\/\/trencaclosques.cat\/?p=157","title":{"rendered":"Ja a la venda les entrades del concert especial de Nadal de Trencaclosques al Teatre Catalina Valls"},"content":{"rendered":"<p>Ja estan a la venda les entrades del Concert Especial de Nadal de Trencaclosques com a part del Festival Un Nadal de Pallassos.<\/p>\n<p>Les entrades les podeu adquirir on-line a<a href=\"http:\/\/%20www.giglon.com\"> www.giglon.com<\/a>. Tamb\u00e9 al Punt d&#8217;Informaci\u00f3 del Centre Hist\u00f2ric c\/ Almudaina, 9A (matins de dilluns a divendres de 9:30- 13:30) i al Mar i Terra Espai de Cultura c\/ Sant Mag\u00ed, 91 (tardes de dimarts a divendres de 18:30-21:00).<br \/>\nVenda general d&#8217;entrades: a Taquilla del Teatre Catalina Valls (1h abans de comen\u00e7ar)<br \/>\nM\u00c9S INFORMACI\u00d3: <a href=\"http:\/\/www.cultura.palma.es\">www.cultura.palma.es<\/a><br \/>\nEls preus s\u00f3n els seg\u00fcents:<br \/>\n5,00 \u20ac Entrada anticipada (Hi ha venda electr\u00f2nica d&#8217;entrades)<br \/>\n1,00 \u20ac Nins 0-3 anys (Hi ha venda electr\u00f2nica d&#8217;entrades)<\/p>\n<p><a href=\"http:\/\/www.trencaclosques.es\/wp-content\/uploads\/2014\/10\/IMG_1282.png\"><img loading=\"lazy\" decoding=\"async\" class=\"aligncenter size-large wp-image-5\" src=\"http:\/\/www.trencaclosques.es\/wp-content\/uploads\/2014\/10\/IMG_1282-1024x682.png\" alt=\"Trencaclosques Ac\u00fastic\" width=\"648\" height=\"431\" srcset=\"https:\/\/trencaclosques.cat\/wp-content\/uploads\/2014\/10\/IMG_1282-1024x682.png 1024w, https:\/\/trencaclosques.cat\/wp-content\/uploads\/2014\/10\/IMG_1282-300x200.png 300w, https:\/\/trencaclosques.cat\/wp-content\/uploads\/2014\/10\/IMG_1282.png 1500w\" sizes=\"auto, (max-width: 648px) 100vw, 648px\" \/><\/a><\/p>\n","protected":false},"excerpt":{"rendered":"<p>Ja estan a la venda les entrades del Concert Especial de Nadal de Trencaclosques com a part del Festival Un Nadal de Pallassos. Les entrades les podeu adquirir on-line a www.giglon.com. Tamb\u00e9 al Punt d&#8217;Informaci\u00f3 del Centre Hist\u00f2ric c\/ Almudaina, 9A (matins de dilluns a divendres de 9:30- 13:30) i al Mar i Terra Espai &hellip; <a href=\"https:\/\/trencaclosques.cat\/?p=157\" class=\"more-link\">Continue reading <span class=\"screen-reader-text\">Ja a la venda les entrades del concert especial de Nadal de Trencaclosques al Teatre Catalina Valls<\/span><\/a><\/p>\n","protected":false},"author":1,"featured_media":0,"comment_status":"open","ping_status":"open","sticky":false,"template":"","format":"standard","meta":{"footnotes":""},"categories":[1],"tags":[],"class_list":["post-157","post","type-post","status-publish","format-standard","hentry","category-uncategorised"],"_links":{"self":[{"href":"https:\/\/trencaclosques.cat\/index.php?rest_route=\/wp\/v2\/posts\/157","targetHints":{"allow":["GET"]}}],"collection":[{"href":"https:\/\/trencaclosques.cat\/index.php?rest_route=\/wp\/v2\/posts"}],"about":[{"href":"https:\/\/trencaclosques.cat\/index.php?rest_route=\/wp\/v2\/types\/post"}],"author":[{"embeddable":true,"href":"https:\/\/trencaclosques.cat\/index.php?rest_route=\/wp\/v2\/users\/1"}],"replies":[{"embeddable":true,"href":"https:\/\/trencaclosques.cat\/index.php?rest_route=%2Fwp%2Fv2%2Fcomments&post=157"}],"version-history":[{"count":2,"href":"https:\/\/trencaclosques.cat\/index.php?rest_route=\/wp\/v2\/posts\/157\/revisions"}],"predecessor-version":[{"id":160,"href":"https:\/\/trencaclosques.cat\/index.php?rest_route=\/wp\/v2\/posts\/157\/revisions\/160"}],"wp:attachment":[{"href":"https:\/\/trencaclosques.cat\/index.php?rest_route=%2Fwp%2Fv2%2Fmedia&parent=157"}],"wp:term":[{"taxonomy":"category","embeddable":true,"href":"https:\/\/trencaclosques.cat\/index.php?rest_route=%2Fwp%2Fv2%2Fcategories&post=157"},{"taxonomy":"post_tag","embeddable":true,"href":"https:\/\/trencaclosques.cat\/index.php?rest_route=%2Fwp%2Fv2%2Ftags&post=157"}],"curies":[{"name":"wp","href":"https:\/\/api.w.org\/{rel}","templated":true}]}}