{"id":404,"date":"2017-10-12T08:38:37","date_gmt":"2017-10-12T06:38:37","guid":{"rendered":"http:\/\/www.trencaclosques.es\/?p=404"},"modified":"2017-10-12T08:43:01","modified_gmt":"2017-10-12T06:43:01","slug":"sens-clown","status":"publish","type":"post","link":"https:\/\/trencaclosques.cat\/?p=404","title":{"rendered":"Sens Clown"},"content":{"rendered":"<p>Per segon any consecutiu, Trencaclosques participa a les jornades de sensibilitzaci\u00f3 per donar a con\u00e8ixer les desigualtats dels pa\u00efsos del sud que organitza la Fundaci\u00f3 per a la Formaci\u00f3 i la Recerca amb la col\u00b7laboraci\u00f3 de l&#8217;Ajuntament de Palma al Seminari Nou (Cam\u00ed Salard 47) de Palma el dissabte 21 d&#8217;octubre de 11 a 13 hores. L&#8217;activitat consisteix en un concert de Trencaclosques en el qual s&#8217;intercalaran missatges entenedors per als infants i on tindrem col\u00b7laboracions especials dels pa\u00efsos del sud. L&#8217;activitat \u00e9s gratuita, per\u00f2 vos hi heu d&#8217;inscriure pr\u00e8viament al 971907585. Vos pregam que feu la m\u00e0xima difusi\u00f3 possible.<\/p>\n<p><a href=\"http:\/\/www.trencaclosques.es\/wp-content\/uploads\/2017\/10\/SENSCLOWN-SEMINARI-DEF.jpg\"><img loading=\"lazy\" decoding=\"async\" class=\"aligncenter wp-image-405 size-large\" src=\"http:\/\/www.trencaclosques.es\/wp-content\/uploads\/2017\/10\/SENSCLOWN-SEMINARI-DEF-724x1024.jpg\" alt=\"\" width=\"724\" height=\"1024\" srcset=\"https:\/\/trencaclosques.cat\/wp-content\/uploads\/2017\/10\/SENSCLOWN-SEMINARI-DEF-724x1024.jpg 724w, https:\/\/trencaclosques.cat\/wp-content\/uploads\/2017\/10\/SENSCLOWN-SEMINARI-DEF-212x300.jpg 212w, https:\/\/trencaclosques.cat\/wp-content\/uploads\/2017\/10\/SENSCLOWN-SEMINARI-DEF-768x1086.jpg 768w, https:\/\/trencaclosques.cat\/wp-content\/uploads\/2017\/10\/SENSCLOWN-SEMINARI-DEF-863x1221.jpg 863w, https:\/\/trencaclosques.cat\/wp-content\/uploads\/2017\/10\/SENSCLOWN-SEMINARI-DEF-76x108.jpg 76w, https:\/\/trencaclosques.cat\/wp-content\/uploads\/2017\/10\/SENSCLOWN-SEMINARI-DEF.jpg 1588w\" sizes=\"auto, (max-width: 724px) 100vw, 724px\" \/><\/a><\/p>\n","protected":false},"excerpt":{"rendered":"<p>Per segon any consecutiu, Trencaclosques participa a les jornades de sensibilitzaci\u00f3 per donar a con\u00e8ixer les desigualtats dels pa\u00efsos del sud que organitza la Fundaci\u00f3 per a la Formaci\u00f3 i la Recerca amb la col\u00b7laboraci\u00f3 de l&#8217;Ajuntament de Palma al Seminari Nou (Cam\u00ed Salard 47) de Palma el dissabte 21 d&#8217;octubre de 11 a 13 &hellip; <a href=\"https:\/\/trencaclosques.cat\/?p=404\" class=\"more-link\">Continue reading <span class=\"screen-reader-text\">Sens Clown<\/span><\/a><\/p>\n","protected":false},"author":1,"featured_media":0,"comment_status":"closed","ping_status":"open","sticky":false,"template":"","format":"standard","meta":{"footnotes":""},"categories":[1],"tags":[],"class_list":["post-404","post","type-post","status-publish","format-standard","hentry","category-uncategorised"],"_links":{"self":[{"href":"https:\/\/trencaclosques.cat\/index.php?rest_route=\/wp\/v2\/posts\/404","targetHints":{"allow":["GET"]}}],"collection":[{"href":"https:\/\/trencaclosques.cat\/index.php?rest_route=\/wp\/v2\/posts"}],"about":[{"href":"https:\/\/trencaclosques.cat\/index.php?rest_route=\/wp\/v2\/types\/post"}],"author":[{"embeddable":true,"href":"https:\/\/trencaclosques.cat\/index.php?rest_route=\/wp\/v2\/users\/1"}],"replies":[{"embeddable":true,"href":"https:\/\/trencaclosques.cat\/index.php?rest_route=%2Fwp%2Fv2%2Fcomments&post=404"}],"version-history":[{"count":6,"href":"https:\/\/trencaclosques.cat\/index.php?rest_route=\/wp\/v2\/posts\/404\/revisions"}],"predecessor-version":[{"id":411,"href":"https:\/\/trencaclosques.cat\/index.php?rest_route=\/wp\/v2\/posts\/404\/revisions\/411"}],"wp:attachment":[{"href":"https:\/\/trencaclosques.cat\/index.php?rest_route=%2Fwp%2Fv2%2Fmedia&parent=404"}],"wp:term":[{"taxonomy":"category","embeddable":true,"href":"https:\/\/trencaclosques.cat\/index.php?rest_route=%2Fwp%2Fv2%2Fcategories&post=404"},{"taxonomy":"post_tag","embeddable":true,"href":"https:\/\/trencaclosques.cat\/index.php?rest_route=%2Fwp%2Fv2%2Ftags&post=404"}],"curies":[{"name":"wp","href":"https:\/\/api.w.org\/{rel}","templated":true}]}}