{"id":516,"date":"2019-04-22T10:20:11","date_gmt":"2019-04-22T08:20:11","guid":{"rendered":"http:\/\/www.trencaclosques.es\/?p=516"},"modified":"2019-04-22T10:41:21","modified_gmt":"2019-04-22T08:41:21","slug":"25-aniversari-de-trencaclosques","status":"publish","type":"post","link":"https:\/\/trencaclosques.cat\/?p=516","title":{"rendered":"25 aniversari de Trencaclosques"},"content":{"rendered":"\n<div class=\"wp-block-image\"><figure class=\"alignright is-resized\"><a href=\"https:\/\/drive.google.com\/open?id=1p2qW2ZLFsiMH2yJxjyKGj0lOcVfNJegb&amp;usp=sharing\ufeff\"><img loading=\"lazy\" decoding=\"async\" src=\"https:\/\/i0.wp.com\/www.trencaclosques.es\/wp-content\/uploads\/2019\/04\/mapaTrenca2019.jpg?fit=863%2C527\" alt=\"Mapa de les actuacions de Trencaclosques\" class=\"wp-image-519\" width=\"380\" height=\"231\" srcset=\"https:\/\/trencaclosques.cat\/wp-content\/uploads\/2019\/04\/mapaTrenca2019.jpg 1182w, https:\/\/trencaclosques.cat\/wp-content\/uploads\/2019\/04\/mapaTrenca2019-300x183.jpg 300w, https:\/\/trencaclosques.cat\/wp-content\/uploads\/2019\/04\/mapaTrenca2019-768x468.jpg 768w, https:\/\/trencaclosques.cat\/wp-content\/uploads\/2019\/04\/mapaTrenca2019-1024x625.jpg 1024w, https:\/\/trencaclosques.cat\/wp-content\/uploads\/2019\/04\/mapaTrenca2019-863x526.jpg 863w, https:\/\/trencaclosques.cat\/wp-content\/uploads\/2019\/04\/mapaTrenca2019-177x108.jpg 177w\" sizes=\"auto, (max-width: 380px) 100vw, 380px\" \/><\/a><\/figure><\/div>\n\n\n\n<p>El 23 d&#8217;abril de 2019 feim 25 anys! Un horabaixa del dia de Sant Jordi de 1994, a la Col\u00f2nia de Sant Jordi, Trencaclosques va realitzar la seva primera actuaci\u00f3. Des de llavors, hem voltat pel m\u00f3n fent all\u00f2 que m\u00e9s ens agrada: cantar, ballar i riure!<\/p>\n\n\n\n<p>Per celebrar aquest aniversari, hem volgut repassar totes (gaireb\u00e9) les actuacions que hem fet al llarg de tots aquests anys. Per aix\u00f2, hem constru\u00eft un mapa que les localitza. Si tenim foto d&#8217;aquell dia, tamb\u00e9 l&#8217;hem posada. Si alg\u00fa t\u00e9 fotos d&#8217;actuacions que nosaltres no en tenim, seria un passada!<\/p>\n\n\n\n<p>Sabeu que hem actuat 13 vegades a Sa Rueta de Palma (la primera el 1997)? 10 vegades a la de Manacor (la primera, el 1998)? Que hem rebut els reis d&#8217;Orient a Puerto Portals 10 vegades? 10 vegades tamb\u00e9, hem actuat a les festes de Cala Blava. I al teu poble, hi hem actuat mai? Ara, ho podeu consultar al mapa, que a partir d&#8217;ara, anirem actualitzant a mida que passin les actuacions.<\/p>\n\n\n\n<p>Clicau sobre aquests mapes i a buscar el vostre record! Gr\u00e0cies per 25 anys meravellosos!<\/p>\n\n\n\n<figure class=\"wp-block-image\"><a href=\"https:\/\/drive.google.com\/open?id=1p2qW2ZLFsiMH2yJxjyKGj0lOcVfNJegb&amp;usp=sharing\"><img loading=\"lazy\" decoding=\"async\" width=\"913\" height=\"745\" src=\"http:\/\/www.trencaclosques.es\/wp-content\/uploads\/2019\/04\/mapaTrenca2019_2.jpg\" alt=\"\" class=\"wp-image-522\" srcset=\"https:\/\/trencaclosques.cat\/wp-content\/uploads\/2019\/04\/mapaTrenca2019_2.jpg 913w, https:\/\/trencaclosques.cat\/wp-content\/uploads\/2019\/04\/mapaTrenca2019_2-300x245.jpg 300w, https:\/\/trencaclosques.cat\/wp-content\/uploads\/2019\/04\/mapaTrenca2019_2-768x627.jpg 768w, https:\/\/trencaclosques.cat\/wp-content\/uploads\/2019\/04\/mapaTrenca2019_2-863x704.jpg 863w, https:\/\/trencaclosques.cat\/wp-content\/uploads\/2019\/04\/mapaTrenca2019_2-132x108.jpg 132w\" sizes=\"auto, (max-width: 913px) 100vw, 913px\" \/><\/a><\/figure>\n","protected":false},"excerpt":{"rendered":"<p>El 23 d&#8217;abril de 2019 feim 25 anys! Un horabaixa del dia de Sant Jordi de 1994, a la Col\u00f2nia de Sant Jordi, Trencaclosques va realitzar la seva primera actuaci\u00f3. Des de llavors, hem voltat pel m\u00f3n fent all\u00f2 que m\u00e9s ens agrada: cantar, ballar i riure! Per celebrar aquest aniversari, hem volgut repassar totes &hellip; <a href=\"https:\/\/trencaclosques.cat\/?p=516\" class=\"more-link\">Continue reading <span class=\"screen-reader-text\">25 aniversari de Trencaclosques<\/span><\/a><\/p>\n","protected":false},"author":1,"featured_media":0,"comment_status":"closed","ping_status":"open","sticky":false,"template":"","format":"standard","meta":{"footnotes":""},"categories":[1],"tags":[],"class_list":["post-516","post","type-post","status-publish","format-standard","hentry","category-uncategorised"],"_links":{"self":[{"href":"https:\/\/trencaclosques.cat\/index.php?rest_route=\/wp\/v2\/posts\/516","targetHints":{"allow":["GET"]}}],"collection":[{"href":"https:\/\/trencaclosques.cat\/index.php?rest_route=\/wp\/v2\/posts"}],"about":[{"href":"https:\/\/trencaclosques.cat\/index.php?rest_route=\/wp\/v2\/types\/post"}],"author":[{"embeddable":true,"href":"https:\/\/trencaclosques.cat\/index.php?rest_route=\/wp\/v2\/users\/1"}],"replies":[{"embeddable":true,"href":"https:\/\/trencaclosques.cat\/index.php?rest_route=%2Fwp%2Fv2%2Fcomments&post=516"}],"version-history":[{"count":6,"href":"https:\/\/trencaclosques.cat\/index.php?rest_route=\/wp\/v2\/posts\/516\/revisions"}],"predecessor-version":[{"id":529,"href":"https:\/\/trencaclosques.cat\/index.php?rest_route=\/wp\/v2\/posts\/516\/revisions\/529"}],"wp:attachment":[{"href":"https:\/\/trencaclosques.cat\/index.php?rest_route=%2Fwp%2Fv2%2Fmedia&parent=516"}],"wp:term":[{"taxonomy":"category","embeddable":true,"href":"https:\/\/trencaclosques.cat\/index.php?rest_route=%2Fwp%2Fv2%2Fcategories&post=516"},{"taxonomy":"post_tag","embeddable":true,"href":"https:\/\/trencaclosques.cat\/index.php?rest_route=%2Fwp%2Fv2%2Ftags&post=516"}],"curies":[{"name":"wp","href":"https:\/\/api.w.org\/{rel}","templated":true}]}}